{"id":219,"date":"2019-11-19T15:47:43","date_gmt":"2019-11-19T15:47:43","guid":{"rendered":"http:\/\/yesweken.de\/?p=219"},"modified":"2019-11-19T15:47:43","modified_gmt":"2019-11-19T15:47:43","slug":"aus-2-mach-3-stellungnahme-des-lbm","status":"publish","type":"post","link":"http:\/\/yesweken.de\/?p=219","title":{"rendered":"Aus 2 mach 3 &#8211; Stellungnahme des LBM"},"content":{"rendered":"\n<p>Nachdem das LBM Speyer in den vergangenen Wochen Anfragen\nder Orts- und Verbandsgemeinde ignoriert hatte und lediglich die Presse \u00fcber\nden Stand der Beindersheimer Baustelle informierte, habe ich nun auch eine\noffizielle Aussage erhalten. Das hei\u00dft nat\u00fcrlich nicht ich pers\u00f6nlich, obwohl\nmir ein Anruf des Beh\u00f6rdenleiters zugesagt worden war, aber ich bin sicher,\ndass sein Terminkalender keinen Raum f\u00fcr ein kurzes Telefonat lie\u00df. Ich wurde\nneben vielen anderen Empf\u00e4ngern per Mail dar\u00fcber in Kenntnis gesetzt, dass die\nBauma\u00dfnahmen nicht im Dezember beendet sein wird. <\/p>\n\n\n\n<p>Der LBM hat kurzerhand den zweiten Bauabschnitt in zwei\nTeile untergliedert! Die Freude, dass die Bauma\u00dfnahmen der ersten beiden\nBauabschnitte kurz vor Weihnachten beendet sein werden, ist also nur\nvor\u00fcbergehend. Sobald die Witterungsverh\u00e4ltnisse es zulassen, wird im Fr\u00fchjahr\n2020 die Stra\u00dfe wieder gesperrt und der neue Abschnitt 3 begonnen. Der ganze\nSpa\u00df beginnt von vorne.<\/p>\n\n\n\n<p>Warum es zur deutlich l\u00e4ngeren Bauzeit und Umplanung\ngekommen ist, wurde mir nicht verraten &#8211; darauf geht das LBM in der Mail\neinfach gar nicht ein. Zum Gl\u00fcck wurde die Rheinpfalz \u00fcber die Gr\u00fcnde\ninformiert, so dass ich zumindest in der Zeitung etwas dar\u00fcber erfahren konnte.\n<\/p>\n\n\n\n<p>Einen gro\u00dfer Dank geht an dieser Stelle an die Vertreter\nder Rheinpfalz &#8211; ohne diesen fairen und engen Austausch w\u00fcrde ich als\nB\u00fcrgermeister deutlich weniger Informationen bekommen.<\/p>\n\n\n\n<p>In allen Gespr\u00e4chen von Orts- und Verbandsgemeinde mit\ndem LBM und auch der B\u00fcrgerinformationsveranstaltung war immer nur von zwei\nBauabschnitten und von einer kompletten Fertigstellung vor Weihnachten die\nRede. Ich werde weiterhin versuchen, genaueres \u00fcber die Pl\u00e4ne des LBM zu\nerfahren und soweit m\u00f6glich Einfluss auf die weitere Planung zu nehmen, um die\nEinschr\u00e4nkungen f\u00fcr Beindersheim so gering wie m\u00f6glich zu halten.<\/p>\n","protected":false},"excerpt":{"rendered":"<p>Nachdem das LBM Speyer in den vergangenen Wochen Anfragen der Orts- und Verbandsgemeinde ignoriert hatte und lediglich die Presse \u00fcber den Stand der Beindersheimer Baustelle informierte, habe ich nun auch eine offizielle Aussage erhalten. Das hei\u00dft nat\u00fcrlich nicht ich pers\u00f6nlich, obwohl mir ein Anruf des Beh\u00f6rdenleiters zugesagt worden war, aber ich bin sicher, dass sein [&hellip;]<\/p>\n","protected":false},"author":1,"featured_media":218,"comment_status":"closed","ping_status":"open","sticky":false,"template":"","format":"standard","meta":{"footnotes":""},"categories":[9,5,6],"tags":[],"class_list":["post-219","post","type-post","status-publish","format-standard","has-post-thumbnail","hentry","category-update","category-verkehr","category-wohnqualitaet"],"_links":{"self":[{"href":"http:\/\/yesweken.de\/index.php?rest_route=\/wp\/v2\/posts\/219","targetHints":{"allow":["GET"]}}],"collection":[{"href":"http:\/\/yesweken.de\/index.php?rest_route=\/wp\/v2\/posts"}],"about":[{"href":"http:\/\/yesweken.de\/index.php?rest_route=\/wp\/v2\/types\/post"}],"author":[{"embeddable":true,"href":"http:\/\/yesweken.de\/index.php?rest_route=\/wp\/v2\/users\/1"}],"replies":[{"embeddable":true,"href":"http:\/\/yesweken.de\/index.php?rest_route=%2Fwp%2Fv2%2Fcomments&post=219"}],"version-history":[{"count":1,"href":"http:\/\/yesweken.de\/index.php?rest_route=\/wp\/v2\/posts\/219\/revisions"}],"predecessor-version":[{"id":220,"href":"http:\/\/yesweken.de\/index.php?rest_route=\/wp\/v2\/posts\/219\/revisions\/220"}],"wp:featuredmedia":[{"embeddable":true,"href":"http:\/\/yesweken.de\/index.php?rest_route=\/wp\/v2\/media\/218"}],"wp:attachment":[{"href":"http:\/\/yesweken.de\/index.php?rest_route=%2Fwp%2Fv2%2Fmedia&parent=219"}],"wp:term":[{"taxonomy":"category","embeddable":true,"href":"http:\/\/yesweken.de\/index.php?rest_route=%2Fwp%2Fv2%2Fcategories&post=219"},{"taxonomy":"post_tag","embeddable":true,"href":"http:\/\/yesweken.de\/index.php?rest_route=%2Fwp%2Fv2%2Ftags&post=219"}],"curies":[{"name":"wp","href":"https:\/\/api.w.org\/{rel}","templated":true}]}}