{"id":212,"date":"2019-11-11T13:12:07","date_gmt":"2019-11-11T13:12:07","guid":{"rendered":"http:\/\/yesweken.de\/?p=212"},"modified":"2019-11-11T13:12:07","modified_gmt":"2019-11-11T13:12:07","slug":"keine-auskunft-vom-lbm","status":"publish","type":"post","link":"http:\/\/yesweken.de\/?p=212","title":{"rendered":"Keine Auskunft vom LBM"},"content":{"rendered":"\n<p>Wie in der Rheinpfalz-Ausgabe vom 11.11.2019 zu lesen war, ist zu  bef\u00fcrchten, dass es gr\u00f6\u00dfere Verz\u00f6gerungen bei der Bauma\u00dfnahmen in der  Frankenthaler Stra\u00dfe geben und die schwierige Verkehrssituation die  Beindersheimer B\u00fcrgerinnen und B\u00fcrger l\u00e4nger belasten wird.<\/p>\n\n\n\n<p>Es war der Landesbetrieb Mobilit\u00e4t (LBM) der als zust\u00e4ndige Beh\u00f6rde entschied, die Frankenthaler Stra\u00dfe zu sanieren. Bei dem auf Initiative der Ortsgemeinde einberufenen Infoabend des LBM, wurde die Bauma\u00dfnahmen kurz anhand der Baupl\u00e4ne vorgestellt. Leider waren diese Erkl\u00e4rungen f\u00fcr Laien alles andere als klar verst\u00e4ndlich. Es wurde jedoch mitgeteilt, dass der Stra\u00dfenbelag und die Tragschicht nur bis zu einer Tiefe von 60 cm abgetragen werden sollen.&nbsp;<br><\/p>\n\n\n\n<p>Nachdem  die Bauma\u00dfnahmen begonnen hatten, stellte ich jedoch fest, dass  teilweise eine Auskofferung bis auf eine Tiefe von ca. zwei Metern  erfolgte. Aus diesem Anlass wurden unverz\u00fcglich die Bauabteilung der  Verbandsgemeinde Lambsheim-He\u00dfheim und ich, als zust\u00e4ndiger  B\u00fcrgermeister, t\u00e4tig und versuchten, mit dem Bauleiter des LBM Kontakt  aufzunehmen. Leider wurden alle unsere Anfragen zun\u00e4chst gar nicht  beantwortet.<\/p>\n\n\n\n<p>Nach mehrmaligen Nachfragen und Bitten um Antwort,  bekamen wir eine, m.  E. v\u00f6llig unangemessene Antwort vom Bauleiter des  LBM: Per Mail teilte  er mit, dass er erst Ende November unsere Anfrage  beantworten werde  und er keine w\u00f6chentlichen Berichte versende.<\/p>\n\n\n\n<p>Die  Bauarbeiter der  Baustelle teilten mir mit, dass es erhebliche  Probleme  mit der  Festigkeit des Unterbaus gibt. Die Bauma\u00dfnahmen w\u00fcrde  sich nach  deren  Sch\u00e4tzung um bis zu 8 Wochen verl\u00e4ngern. <br>Vom  zust\u00e4ndigen  Bauleiter  erhalten wir dazu aber keine Stellungnahme &#8211; er  hat  offenkundig  Wichtigeres zu tun. B\u00fcrgernahe Verwaltung sieht  jedenfalls  anders aus.<\/p>\n\n\n\n<p>Nicht  nur unsere B\u00fcrgerinnen und B\u00fcrger im  Neubaugebiet  sondern auch  die  ans\u00e4ssigen Gesch\u00e4ftsleute haben unter  dieser Ma\u00dfnahmen  zu leiden  und  verdienen mit ihren Sorgen  ernstgenommen zu werden! <\/p>\n\n\n\n<p>Deshalb   m\u00f6chten  wir umgehend Aufkl\u00e4rung  \u00fcber den aktuellen Stand der   Bauarbeiten, die  aktuellen Erkenntnisse  und nat\u00fcrlich eine belastbare   Einsch\u00e4tzung der  Dauer der noch zu  erledigenden Arbeiten.<\/p>\n\n\n\n<p>Bei  allem  Respekt gegen\u00fcber  dem LBM: Wenn  eine Bauma\u00dfnahme mit zehn  Wochen Bauzeit  geplant ist,  und es  wahrscheinlich acht Woche mehr  werden, muss es   selbstverst\u00e4ndlich  sein, die Betroffenen zu  informieren und vern\u00fcnftig   zu kommunizieren.<\/p>\n\n\n\n<p>Wir  sind nicht die  erste Gemeinde, die \u00fcber solche Kommunikationsdefizite  des LBM  klagen. Ich habe meine Beschwerde  deshalb  an den  Landtagsabgeordneten  Martin Haller &nbsp;weitergegeben. Herr  Haller  hat  bereits einen  Gespr\u00e4chstermin mit dem zust\u00e4ndigen Leiter des  LBM in   Speyer  vereinbart und wird sich f\u00fcr Beindersheim einsetzen. <\/p>\n\n\n\n<p>#yesweken   <br> <br><\/p>\n","protected":false},"excerpt":{"rendered":"<p>Wie in der Rheinpfalz-Ausgabe vom 11.11.2019 zu lesen war, ist zu bef\u00fcrchten, dass es gr\u00f6\u00dfere Verz\u00f6gerungen bei der Bauma\u00dfnahmen in der Frankenthaler Stra\u00dfe geben und die schwierige Verkehrssituation die Beindersheimer B\u00fcrgerinnen und B\u00fcrger l\u00e4nger belasten wird. Es war der Landesbetrieb Mobilit\u00e4t (LBM) der als zust\u00e4ndige Beh\u00f6rde entschied, die Frankenthaler Stra\u00dfe zu sanieren. Bei dem auf [&hellip;]<\/p>\n","protected":false},"author":1,"featured_media":215,"comment_status":"closed","ping_status":"open","sticky":false,"template":"","format":"standard","meta":{"footnotes":""},"categories":[9,5,6],"tags":[],"class_list":["post-212","post","type-post","status-publish","format-standard","has-post-thumbnail","hentry","category-update","category-verkehr","category-wohnqualitaet"],"_links":{"self":[{"href":"http:\/\/yesweken.de\/index.php?rest_route=\/wp\/v2\/posts\/212","targetHints":{"allow":["GET"]}}],"collection":[{"href":"http:\/\/yesweken.de\/index.php?rest_route=\/wp\/v2\/posts"}],"about":[{"href":"http:\/\/yesweken.de\/index.php?rest_route=\/wp\/v2\/types\/post"}],"author":[{"embeddable":true,"href":"http:\/\/yesweken.de\/index.php?rest_route=\/wp\/v2\/users\/1"}],"replies":[{"embeddable":true,"href":"http:\/\/yesweken.de\/index.php?rest_route=%2Fwp%2Fv2%2Fcomments&post=212"}],"version-history":[{"count":3,"href":"http:\/\/yesweken.de\/index.php?rest_route=\/wp\/v2\/posts\/212\/revisions"}],"predecessor-version":[{"id":216,"href":"http:\/\/yesweken.de\/index.php?rest_route=\/wp\/v2\/posts\/212\/revisions\/216"}],"wp:featuredmedia":[{"embeddable":true,"href":"http:\/\/yesweken.de\/index.php?rest_route=\/wp\/v2\/media\/215"}],"wp:attachment":[{"href":"http:\/\/yesweken.de\/index.php?rest_route=%2Fwp%2Fv2%2Fmedia&parent=212"}],"wp:term":[{"taxonomy":"category","embeddable":true,"href":"http:\/\/yesweken.de\/index.php?rest_route=%2Fwp%2Fv2%2Fcategories&post=212"},{"taxonomy":"post_tag","embeddable":true,"href":"http:\/\/yesweken.de\/index.php?rest_route=%2Fwp%2Fv2%2Ftags&post=212"}],"curies":[{"name":"wp","href":"https:\/\/api.w.org\/{rel}","templated":true}]}}