{"id":198,"date":"2019-06-28T07:57:52","date_gmt":"2019-06-28T07:57:52","guid":{"rendered":"http:\/\/yesweken.de\/?p=198"},"modified":"2019-06-28T07:57:52","modified_gmt":"2019-06-28T07:57:52","slug":"fuer-cdu-fdp-und-fwg-zaehlt-der-waehler-wenig","status":"publish","type":"post","link":"http:\/\/yesweken.de\/?p=198","title":{"rendered":"F\u00fcr CDU, FDP und FWG z\u00e4hlt der W\u00e4hler wenig"},"content":{"rendered":"\n<p>Wie wir es bereits bef\u00fcrchtet hatten, zeigte in der\nkonstituierenden Sitzung des neuen Verbandsgemeinderates die Koalition aus CDU,\nFWG und FDP tats\u00e4chlich, worauf es ihr ankommt: Macht und Posten! Was die\nW\u00e4hlerinnen und W\u00e4hler mit ihrem Votum bewirken wollten, z\u00e4hlt offenkundig\nweniger als die Sicherung von Posten f\u00fcr die eigenen Leute. Und das sah so aus:<\/p>\n\n\n\n<p>Ein gemeinsamer Antrag der Koalition wurde vom\nCDU-Fraktionsvorsitzenden Lars Pletscher vorgetragen. Er zeigt deutlich die\nneue Arbeitsweise dieser Koalition: Durch eine Anhebung der Anzahl der\nAusschussmitgliedern wurde der CDU-Fraktion ein weiterer Sitz in den\nAussch\u00fcssen zugesprochen. Im Gegenzug erhielten die kleinen Koalitionspartner\nFDP und FWG neben der CDU selbst auch jeweils einen Beigeordneten-Posten. <\/p>\n\n\n\n<p>Nat\u00fcrlich wurde jeder Zusammenhang zun\u00e4chst abgestritten,\naber nach hartn\u00e4ckigem Nachfragen von Martin Haller, gab der\nFraktionsvorsitzende der CDU, Lars Pletscher, zu, jedem Koalitionspartner einen\nPosten sichern und das Mehrheitsverh\u00e4ltnis in den Aussch\u00fcssen zu Gunsten der\nCDU kippen zu wollen. Die CDU hat, trotz deutlich weniger W\u00e4hlerstimmen, durch\ndiesen Winkelzug in den Aussch\u00fcssen nun aber genauso viele Sitze wie die SPD.<\/p>\n\n\n\n<p>Bei der Abstimmung zum Beigeordneten kam es zum n\u00e4chsten\nH\u00f6hepunkt. Die FWG schlug den Verbandsgemeindekritiker Ewald Merkel f\u00fcr das Amt\ndes weiteren Beigeordneten vor. Hier hatten wir mit Ken Stutzmann, der das Amt\nbis dato innehatte, einen Kandidaten, mit dessen Arbeit die W\u00e4hlerinnen und\nW\u00e4hler \u00e4u\u00dferst zufrieden waren. Anders l\u00e4sst sich das Wahlergebnis &#8211; Ken\nStutzmann holte die zweitmeisten Stimmen in der gesamten VG &#8211; kaum erkl\u00e4ren.\nDer klare W\u00e4hlerauftrag, diese erfolgreiche Arbeit fortzusetzen, interessierte\ndie Koalition wenig. So darf man sich nun auf den motivierten Einsatz von Herrn\nMerkel f\u00fcr die von ihm ungeliebte Verbandsgemeinde freuen, da er von CDU, FDP\nund FWG zum Beigeordneten gew\u00e4hlt wurde.<\/p>\n\n\n\n<p>Der Koalitionszwang wurde dann ein weiters Mal bei der\nWahl des ersten Beigeordneten deutlich. Hier schlug die CDU-Fraktion Herrn\nWilli Boxheimer vor. Dieser wurde auch mit den Stimmen von FDP und FWG unserem\njungen und kompetenten Gegenkandidaten, Sebastian Wei\u00df, vorgezogen. <\/p>\n\n\n\n<p>Nun wird es an der Koalition und insbesondere an den\nbeiden Juniorpartnern liegen zu beweisen, dass man nicht nur willf\u00e4hriger\nSpielball der CDU ist, der mit \u00c4mtern gekauft wurde. <\/p>\n\n\n\n<p>Unser Eindruck ist, dass hier falsche Ziele verfolgt\nwurden und der Start in die Legislaturperiode dadurch misslungen ist. Wir sind\njedoch bereit, das alles hinter uns zu lassen und eine gute und offene\nZusammenarbeit anzustreben. Es geht nicht um Posten und Macht &#8211; es geht darum\ndas Richtige zu tun. Und dazu haben wir uns alle f\u00fcr f\u00fcnf Jahre gegen\u00fcber den\nB\u00fcrgerinnen und B\u00fcrgern verpflichtet. Das sollten wir alle nicht vergessen und\nEitelkeiten beiseite legen.<\/p>\n","protected":false},"excerpt":{"rendered":"<p>Wie wir es bereits bef\u00fcrchtet hatten, zeigte in der konstituierenden Sitzung des neuen Verbandsgemeinderates die Koalition aus CDU, FWG und FDP tats\u00e4chlich, worauf es ihr ankommt: Macht und Posten! Was die W\u00e4hlerinnen und W\u00e4hler mit ihrem Votum bewirken wollten, z\u00e4hlt offenkundig weniger als die Sicherung von Posten f\u00fcr die eigenen Leute. Und das sah so [&hellip;]<\/p>\n","protected":false},"author":1,"featured_media":199,"comment_status":"closed","ping_status":"open","sticky":false,"template":"","format":"standard","meta":{"footnotes":""},"categories":[9,10],"tags":[],"class_list":["post-198","post","type-post","status-publish","format-standard","has-post-thumbnail","hentry","category-update","category-verbandsgemeinde"],"_links":{"self":[{"href":"http:\/\/yesweken.de\/index.php?rest_route=\/wp\/v2\/posts\/198","targetHints":{"allow":["GET"]}}],"collection":[{"href":"http:\/\/yesweken.de\/index.php?rest_route=\/wp\/v2\/posts"}],"about":[{"href":"http:\/\/yesweken.de\/index.php?rest_route=\/wp\/v2\/types\/post"}],"author":[{"embeddable":true,"href":"http:\/\/yesweken.de\/index.php?rest_route=\/wp\/v2\/users\/1"}],"replies":[{"embeddable":true,"href":"http:\/\/yesweken.de\/index.php?rest_route=%2Fwp%2Fv2%2Fcomments&post=198"}],"version-history":[{"count":1,"href":"http:\/\/yesweken.de\/index.php?rest_route=\/wp\/v2\/posts\/198\/revisions"}],"predecessor-version":[{"id":200,"href":"http:\/\/yesweken.de\/index.php?rest_route=\/wp\/v2\/posts\/198\/revisions\/200"}],"wp:featuredmedia":[{"embeddable":true,"href":"http:\/\/yesweken.de\/index.php?rest_route=\/wp\/v2\/media\/199"}],"wp:attachment":[{"href":"http:\/\/yesweken.de\/index.php?rest_route=%2Fwp%2Fv2%2Fmedia&parent=198"}],"wp:term":[{"taxonomy":"category","embeddable":true,"href":"http:\/\/yesweken.de\/index.php?rest_route=%2Fwp%2Fv2%2Fcategories&post=198"},{"taxonomy":"post_tag","embeddable":true,"href":"http:\/\/yesweken.de\/index.php?rest_route=%2Fwp%2Fv2%2Ftags&post=198"}],"curies":[{"name":"wp","href":"https:\/\/api.w.org\/{rel}","templated":true}]}}