{"id":188,"date":"2019-06-10T10:52:47","date_gmt":"2019-06-10T10:52:47","guid":{"rendered":"http:\/\/yesweken.de\/?p=188"},"modified":"2019-06-10T10:52:47","modified_gmt":"2019-06-10T10:52:47","slug":"stolz-auf-unser-neues-familienmitglied","status":"publish","type":"post","link":"http:\/\/yesweken.de\/?p=188","title":{"rendered":"Stolz auf unser neues Familienmitglied"},"content":{"rendered":"\n<p>Der heutige Tag war f\u00fcr die Freiwillige Feuerwehr He\u00dfheim ein ganz wichtiger Tag. Denn heute bekam die Fahrzeugfamilie Zuwachs. Ich durfte, als Beigeordneter der VG-Lambsheim-He\u00dfheim dem kommissarischen Wehrleiter, Udo Geiger, offiziell das neue Hilfeleistungsl\u00f6schgruppenfahrzeug \u00fcbergeben.<\/p>\n\n\n\n<p>Das ist ein wichtiger Schritt f\u00fcr eine moderne und zukunftsf\u00e4hige Feuerwehr. Ich danke allen Beteiligten, die aktiv zu diesem Erfolg beigetragen haben.&nbsp;<br><\/p>\n\n\n\n<p>Die Mitglieder unserer Feuerwehr investieren im Laufe des Jahres unz\u00e4hlige ehrenamtliche Stunden: sei es im Rahmen der Ausbildung, bei \u00dcbungen, aber letztlich auch bei Eins\u00e4tzen. Sie sch\u00fctzen Leben, Gesundheit und &nbsp;materielle Sachwerte unserer Nachbarinnen und Nachbarn. Gerade in der heutigen Zeit, in der das ehrenamtliche Engagement nicht mehr so selbstverst\u00e4ndlich ist, danke ich allen Feuerwehrfrauen und -m\u00e4nnern von ganzem Herzen.&nbsp;<\/p>\n\n\n\n<p>Ich w\u00fcnsche den Kameradinnen und Kameraden, dass sie stets gesund und vollz\u00e4hlig von ihren Eins\u00e4tzen zur\u00fcckkommen. Treu dem Leitspruch \u201eGott zur Ehr, dem n\u00e4chsten zur Wehr\u201c.<\/p>\n\n\n\n<figure class=\"wp-block-image\"><img fetchpriority=\"high\" decoding=\"async\" width=\"960\" height=\"746\" src=\"http:\/\/yesweken.de\/wp-content\/uploads\/2019\/06\/B1FE35A3-6FD8-494D-A552-9DAAC601F7E9.jpeg\" alt=\"\" class=\"wp-image-191\" srcset=\"http:\/\/yesweken.de\/wp-content\/uploads\/2019\/06\/B1FE35A3-6FD8-494D-A552-9DAAC601F7E9.jpeg 960w, http:\/\/yesweken.de\/wp-content\/uploads\/2019\/06\/B1FE35A3-6FD8-494D-A552-9DAAC601F7E9-300x233.jpeg 300w, http:\/\/yesweken.de\/wp-content\/uploads\/2019\/06\/B1FE35A3-6FD8-494D-A552-9DAAC601F7E9-768x597.jpeg 768w\" sizes=\"(max-width: 960px) 100vw, 960px\" \/><\/figure>\n","protected":false},"excerpt":{"rendered":"<p>Der heutige Tag war f\u00fcr die Freiwillige Feuerwehr He\u00dfheim ein ganz wichtiger Tag. Denn heute bekam die Fahrzeugfamilie Zuwachs. Ich durfte, als Beigeordneter der VG-Lambsheim-He\u00dfheim dem kommissarischen Wehrleiter, Udo Geiger, offiziell das neue Hilfeleistungsl\u00f6schgruppenfahrzeug \u00fcbergeben. Das ist ein wichtiger Schritt f\u00fcr eine moderne und zukunftsf\u00e4hige Feuerwehr. Ich danke allen Beteiligten, die aktiv zu diesem Erfolg [&hellip;]<\/p>\n","protected":false},"author":1,"featured_media":190,"comment_status":"closed","ping_status":"open","sticky":false,"template":"","format":"standard","meta":{"footnotes":""},"categories":[8],"tags":[],"class_list":["post-188","post","type-post","status-publish","format-standard","has-post-thumbnail","hentry","category-gemeinschaft"],"_links":{"self":[{"href":"http:\/\/yesweken.de\/index.php?rest_route=\/wp\/v2\/posts\/188","targetHints":{"allow":["GET"]}}],"collection":[{"href":"http:\/\/yesweken.de\/index.php?rest_route=\/wp\/v2\/posts"}],"about":[{"href":"http:\/\/yesweken.de\/index.php?rest_route=\/wp\/v2\/types\/post"}],"author":[{"embeddable":true,"href":"http:\/\/yesweken.de\/index.php?rest_route=\/wp\/v2\/users\/1"}],"replies":[{"embeddable":true,"href":"http:\/\/yesweken.de\/index.php?rest_route=%2Fwp%2Fv2%2Fcomments&post=188"}],"version-history":[{"count":2,"href":"http:\/\/yesweken.de\/index.php?rest_route=\/wp\/v2\/posts\/188\/revisions"}],"predecessor-version":[{"id":192,"href":"http:\/\/yesweken.de\/index.php?rest_route=\/wp\/v2\/posts\/188\/revisions\/192"}],"wp:featuredmedia":[{"embeddable":true,"href":"http:\/\/yesweken.de\/index.php?rest_route=\/wp\/v2\/media\/190"}],"wp:attachment":[{"href":"http:\/\/yesweken.de\/index.php?rest_route=%2Fwp%2Fv2%2Fmedia&parent=188"}],"wp:term":[{"taxonomy":"category","embeddable":true,"href":"http:\/\/yesweken.de\/index.php?rest_route=%2Fwp%2Fv2%2Fcategories&post=188"},{"taxonomy":"post_tag","embeddable":true,"href":"http:\/\/yesweken.de\/index.php?rest_route=%2Fwp%2Fv2%2Ftags&post=188"}],"curies":[{"name":"wp","href":"https:\/\/api.w.org\/{rel}","templated":true}]}}