{"id":186,"date":"2019-06-07T12:13:04","date_gmt":"2019-06-07T12:13:04","guid":{"rendered":"http:\/\/yesweken.de\/?p=186"},"modified":"2019-06-07T12:13:04","modified_gmt":"2019-06-07T12:13:04","slug":"komfortzone-contra-waehlerwille","status":"publish","type":"post","link":"http:\/\/yesweken.de\/?p=186","title":{"rendered":"Komfortzone contra W\u00e4hlerwille"},"content":{"rendered":"\n<p>Ich hatte ja in meinem letzten Eintrag dar\u00fcber berichtet,\ndass wir mit den Fraktionen von CDU und FWG Koalitionsgespr\u00e4che f\u00fchren wollten,\num die besten L\u00f6sungen f\u00fcr Beindersheim von einer breiten Mehrheit der\ngew\u00e4hlten Gemeinderatsmitglieder erarbeiten zu lassen. <\/p>\n\n\n\n<p>Ich meine, dass es der Respekt vor dem W\u00e4hlerwillen\ngebietet, Gespr\u00e4che miteinander zu f\u00fchren. Das gilt gerade auch f\u00fcr uns, als\ngr\u00f6\u00dfte Fraktion im neuen Rat. Leider mussten wir entt\u00e4uscht feststellen, dass\ndiese Meinung nicht von allen geteilt wird.<\/p>\n\n\n\n<p>Gestern haben wir erfahren m\u00fcssen, dass sich CDU und FWG auf\neine Fortsetzung ihrer Zusammenarbeit geeinigt haben. Der bereits zugesagte\nGespr\u00e4chstermin mit uns wurde abgesagt. Offenkundig glaubt man auch nach dem\nWahlergebnis noch, so weitermachen zu k\u00f6nnen wie bisher. Statt auf breiten\nKonsens zu setzen, wird mit der kleinstm\u00f6glichen Stimmenmehrheit am vorgeblich \u201eBew\u00e4hrten\u201c\nfestgehalten.<\/p>\n\n\n\n<p>Ich halte dieses Vorgehen f\u00fcr falsch. Trotzdem m\u00fcssen wir\ndamit leben. <\/p>\n\n\n\n<p>Unser Ziel ist es, eine b\u00fcrgernahe, am Dialog orientierte\nund auf den Vorteil von Beindersheim bedachte Politik zu machen. Damit heben\nwir uns deutlich von dem ab, wie gerade auf Bundesebene Politik gemacht wird und\nleider auch in der Vergangenheit im Ortgemeinderat gemacht wurde. Gerne w\u00e4ren\nwir diesen Weg mit den Fraktionen der CDU und FWG hier vor Ort gegangen.<\/p>\n\n\n\n<p>Denn letztlich geht es nicht darum, welche Partei etwas tut,\nsondern darum, dass wir es mit und f\u00fcr die B\u00fcrger -f\u00fcr unsere Gemeinschaft-\ntun! Darauf sollten sich alle Beteiligten zur\u00fcckbesinnen. Wir sind weiterhin\njederzeit offen f\u00fcr Gespr\u00e4che.<\/p>\n\n\n\n<p>Wir als SPD-Fraktion zusammen mit mir als Ortsb\u00fcrgermeister werden,\nauch unter diesen Gegebenheiten, konstruktiv die Belange der\nBeindersheimerinnen und Beindersheimer vertreten, um das Beste f\u00fcr unser Dorf\nzu erreichen.<\/p>\n\n\n\n<p>#jetzterstrecht #f\u00fcrbeindersheim #yesweken\n#wirgehenunserenweg<\/p>\n","protected":false},"excerpt":{"rendered":"<p>Ich hatte ja in meinem letzten Eintrag dar\u00fcber berichtet, dass wir mit den Fraktionen von CDU und FWG Koalitionsgespr\u00e4che f\u00fchren wollten, um die besten L\u00f6sungen f\u00fcr Beindersheim von einer breiten Mehrheit der gew\u00e4hlten Gemeinderatsmitglieder erarbeiten zu lassen. Ich meine, dass es der Respekt vor dem W\u00e4hlerwillen gebietet, Gespr\u00e4che miteinander zu f\u00fchren. Das gilt gerade auch [&hellip;]<\/p>\n","protected":false},"author":1,"featured_media":12,"comment_status":"closed","ping_status":"open","sticky":false,"template":"","format":"standard","meta":{"footnotes":""},"categories":[8,9],"tags":[],"class_list":["post-186","post","type-post","status-publish","format-standard","has-post-thumbnail","hentry","category-gemeinschaft","category-update"],"_links":{"self":[{"href":"http:\/\/yesweken.de\/index.php?rest_route=\/wp\/v2\/posts\/186","targetHints":{"allow":["GET"]}}],"collection":[{"href":"http:\/\/yesweken.de\/index.php?rest_route=\/wp\/v2\/posts"}],"about":[{"href":"http:\/\/yesweken.de\/index.php?rest_route=\/wp\/v2\/types\/post"}],"author":[{"embeddable":true,"href":"http:\/\/yesweken.de\/index.php?rest_route=\/wp\/v2\/users\/1"}],"replies":[{"embeddable":true,"href":"http:\/\/yesweken.de\/index.php?rest_route=%2Fwp%2Fv2%2Fcomments&post=186"}],"version-history":[{"count":1,"href":"http:\/\/yesweken.de\/index.php?rest_route=\/wp\/v2\/posts\/186\/revisions"}],"predecessor-version":[{"id":187,"href":"http:\/\/yesweken.de\/index.php?rest_route=\/wp\/v2\/posts\/186\/revisions\/187"}],"wp:featuredmedia":[{"embeddable":true,"href":"http:\/\/yesweken.de\/index.php?rest_route=\/wp\/v2\/media\/12"}],"wp:attachment":[{"href":"http:\/\/yesweken.de\/index.php?rest_route=%2Fwp%2Fv2%2Fmedia&parent=186"}],"wp:term":[{"taxonomy":"category","embeddable":true,"href":"http:\/\/yesweken.de\/index.php?rest_route=%2Fwp%2Fv2%2Fcategories&post=186"},{"taxonomy":"post_tag","embeddable":true,"href":"http:\/\/yesweken.de\/index.php?rest_route=%2Fwp%2Fv2%2Ftags&post=186"}],"curies":[{"name":"wp","href":"https:\/\/api.w.org\/{rel}","templated":true}]}}