{"id":177,"date":"2019-05-27T07:53:51","date_gmt":"2019-05-27T07:53:51","guid":{"rendered":"http:\/\/yesweken.de\/?p=177"},"modified":"2019-05-27T07:54:06","modified_gmt":"2019-05-27T07:54:06","slug":"vielen-dank-fuer-ihr-vertrauen","status":"publish","type":"post","link":"http:\/\/yesweken.de\/?p=177","title":{"rendered":"Vielen Dank f\u00fcr Ihr Vertrauen!"},"content":{"rendered":"\n<p>Ich bin \u00fcberw\u00e4ltigt von diesem Wahlergebnis! Vielen Dank f\u00fcr Ihr Vertrauen!<\/p>\n\n\n\n<p>Mein gr\u00f6\u00dfter Dank geht an alle W\u00e4hlerinnen und W\u00e4hler, die mir ihre Stimme gegeben haben.<\/p>\n\n\n\n<p>Nicht zuletzt danke ich allen Freunden, Unterst\u00fctzern, meiner Familie   und meiner Frau f\u00fcr die unglaubliche Unterst\u00fctzung, die ich in meinem   Wahlkampf erfahren habe.<\/p>\n\n\n\n<p>Es macht mich sehr gl\u00fccklich, in den   n\u00e4chsten Jahren die Geschicke unserer Heimatgemeinde lenken zu d\u00fcrfen   und mich f\u00fcr meine Mitmenschen und Nachbarn noch effektiver einsetzen zu   k\u00f6nnen. Ich verspreche, mich mit allem, was ich kann und habe, f\u00fcr das   Wohl unserer Gemeinde einzusetzen.   <\/p>\n\n\n\n<p><br><\/p>\n","protected":false},"excerpt":{"rendered":"<p>Ich bin \u00fcberw\u00e4ltigt von diesem Wahlergebnis! Vielen Dank f\u00fcr Ihr Vertrauen! Mein gr\u00f6\u00dfter Dank geht an alle W\u00e4hlerinnen und W\u00e4hler, die mir ihre Stimme gegeben haben. Nicht zuletzt danke ich allen Freunden, Unterst\u00fctzern, meiner Familie und meiner Frau f\u00fcr die unglaubliche Unterst\u00fctzung, die ich in meinem Wahlkampf erfahren habe. Es macht mich sehr gl\u00fccklich, in [&hellip;]<\/p>\n","protected":false},"author":1,"featured_media":178,"comment_status":"closed","ping_status":"open","sticky":false,"template":"","format":"standard","meta":{"footnotes":""},"categories":[7,8,5,6],"tags":[],"class_list":["post-177","post","type-post","status-publish","format-standard","has-post-thumbnail","hentry","category-familie","category-gemeinschaft","category-verkehr","category-wohnqualitaet"],"_links":{"self":[{"href":"http:\/\/yesweken.de\/index.php?rest_route=\/wp\/v2\/posts\/177","targetHints":{"allow":["GET"]}}],"collection":[{"href":"http:\/\/yesweken.de\/index.php?rest_route=\/wp\/v2\/posts"}],"about":[{"href":"http:\/\/yesweken.de\/index.php?rest_route=\/wp\/v2\/types\/post"}],"author":[{"embeddable":true,"href":"http:\/\/yesweken.de\/index.php?rest_route=\/wp\/v2\/users\/1"}],"replies":[{"embeddable":true,"href":"http:\/\/yesweken.de\/index.php?rest_route=%2Fwp%2Fv2%2Fcomments&post=177"}],"version-history":[{"count":2,"href":"http:\/\/yesweken.de\/index.php?rest_route=\/wp\/v2\/posts\/177\/revisions"}],"predecessor-version":[{"id":180,"href":"http:\/\/yesweken.de\/index.php?rest_route=\/wp\/v2\/posts\/177\/revisions\/180"}],"wp:featuredmedia":[{"embeddable":true,"href":"http:\/\/yesweken.de\/index.php?rest_route=\/wp\/v2\/media\/178"}],"wp:attachment":[{"href":"http:\/\/yesweken.de\/index.php?rest_route=%2Fwp%2Fv2%2Fmedia&parent=177"}],"wp:term":[{"taxonomy":"category","embeddable":true,"href":"http:\/\/yesweken.de\/index.php?rest_route=%2Fwp%2Fv2%2Fcategories&post=177"},{"taxonomy":"post_tag","embeddable":true,"href":"http:\/\/yesweken.de\/index.php?rest_route=%2Fwp%2Fv2%2Ftags&post=177"}],"curies":[{"name":"wp","href":"https:\/\/api.w.org\/{rel}","templated":true}]}}