{"id":147,"date":"2019-05-19T16:31:12","date_gmt":"2019-05-19T16:31:12","guid":{"rendered":"http:\/\/yesweken.de\/?p=147"},"modified":"2019-05-19T19:59:49","modified_gmt":"2019-05-19T19:59:49","slug":"uebergang-frankenthaler-strasse","status":"publish","type":"post","link":"http:\/\/yesweken.de\/?p=147","title":{"rendered":"\u00dcbergang Frankenthaler Stra\u00dfe"},"content":{"rendered":"\n<p>Die Frankenthaler Stra\u00dfe ist die Hauptverkehrsader in Beindersheim. Und wer w\u00e4hrend des Berufsverkehrs mal versucht hat, die Stra\u00dfe zu \u00fcberqueren, wei\u00df was das bedeutet: ungef\u00e4hrlich ist das derzeit wahrlich nicht!<\/p>\n\n\n\n<p>Die Meisten werden mir beipflichten, dass nach wie vor hier viele Fahrzeuge viel schneller unterwegs sind, als es die Verkehrssituation eigentlich verlangt. Und die wenigsten halten an, wenn jemand am dortigen Fu\u00dfg\u00e4nger\u00fcberweg wartet.&nbsp;<\/p>\n\n\n\n<p>Das ist besonders schlimm, denn f\u00fcr die Kinder aus dem Neubaugebiet und dem Bereich Kirchenstra\u00dfe \/ Brunnenweg, wird dieser Gefahrenpunkt zum echten Hindernis auf dem Weg zur Grundschule und zum Kindergarten. Zwar hei\u00dft es hier von der zust\u00e4ndigen Beh\u00f6rde immer, dass dort kein \u00fcberdurchschnittliches Gefahrenpotenzial vorliege, aber wir Beindersheimerinnen und Beindersheimer erleben das t\u00e4glich anders.&nbsp;<\/p>\n\n\n\n<p>Ich setze mich daher daf\u00fcr ein, dass Ma\u00dfnahmen ergriffen werden, um die Autofahrer rechtzeitig darauf aufmerksam zu machen, dass hier besonders auf Fu\u00dfg\u00e4nger zu achten und die Geschwindigkeit anzupassen ist.<\/p>\n\n\n\n<p>Ideal w\u00e4re aus meiner Sicht eine Fu\u00dfg\u00e4ngerampelanlage, da hier nur nach Bedarf der Verkehr angehalten werden w\u00fcrde und ansonsten frei flie\u00dfen k\u00f6nnte. Nat\u00fcrlich k\u00f6nnte man auch mit baulichen Ma\u00dfnahmen und zus\u00e4tzlicher Beschilderung eingreifen. Wichtig ist erstmal, dass diese Situation \u00fcberhaupt entsch\u00e4rft wird, um die Sicherheit unserer B\u00fcrgerinnen und B\u00fcrger und insbesondere der Kinder schnellstm\u00f6glich zu verbessern. Hierf\u00fcr werde ich mich &nbsp;als Ortsb\u00fcrgermeister zusammen mit der SPD-Fraktion im Gemeinderat einsetzen. <\/p>\n\n\n\n<p>#yesweken<br><\/p>\n","protected":false},"excerpt":{"rendered":"<p>Die Frankenthaler Stra\u00dfe ist die Hauptverkehrsader in Beindersheim. Und wer w\u00e4hrend des Berufsverkehrs mal versucht hat, die Stra\u00dfe zu \u00fcberqueren, wei\u00df was das bedeutet: ungef\u00e4hrlich ist das derzeit wahrlich nicht! Die Meisten werden mir beipflichten, dass nach wie vor hier viele Fahrzeuge viel schneller unterwegs sind, als es die Verkehrssituation eigentlich verlangt. Und die wenigsten [&hellip;]<\/p>\n","protected":false},"author":1,"featured_media":146,"comment_status":"closed","ping_status":"open","sticky":false,"template":"","format":"standard","meta":{"footnotes":""},"categories":[7,5,6],"tags":[],"class_list":["post-147","post","type-post","status-publish","format-standard","has-post-thumbnail","hentry","category-familie","category-verkehr","category-wohnqualitaet"],"_links":{"self":[{"href":"http:\/\/yesweken.de\/index.php?rest_route=\/wp\/v2\/posts\/147","targetHints":{"allow":["GET"]}}],"collection":[{"href":"http:\/\/yesweken.de\/index.php?rest_route=\/wp\/v2\/posts"}],"about":[{"href":"http:\/\/yesweken.de\/index.php?rest_route=\/wp\/v2\/types\/post"}],"author":[{"embeddable":true,"href":"http:\/\/yesweken.de\/index.php?rest_route=\/wp\/v2\/users\/1"}],"replies":[{"embeddable":true,"href":"http:\/\/yesweken.de\/index.php?rest_route=%2Fwp%2Fv2%2Fcomments&post=147"}],"version-history":[{"count":2,"href":"http:\/\/yesweken.de\/index.php?rest_route=\/wp\/v2\/posts\/147\/revisions"}],"predecessor-version":[{"id":149,"href":"http:\/\/yesweken.de\/index.php?rest_route=\/wp\/v2\/posts\/147\/revisions\/149"}],"wp:featuredmedia":[{"embeddable":true,"href":"http:\/\/yesweken.de\/index.php?rest_route=\/wp\/v2\/media\/146"}],"wp:attachment":[{"href":"http:\/\/yesweken.de\/index.php?rest_route=%2Fwp%2Fv2%2Fmedia&parent=147"}],"wp:term":[{"taxonomy":"category","embeddable":true,"href":"http:\/\/yesweken.de\/index.php?rest_route=%2Fwp%2Fv2%2Fcategories&post=147"},{"taxonomy":"post_tag","embeddable":true,"href":"http:\/\/yesweken.de\/index.php?rest_route=%2Fwp%2Fv2%2Ftags&post=147"}],"curies":[{"name":"wp","href":"https:\/\/api.w.org\/{rel}","templated":true}]}}