{"id":142,"date":"2019-05-16T19:31:51","date_gmt":"2019-05-16T19:31:51","guid":{"rendered":"http:\/\/yesweken.de\/?p=142"},"modified":"2019-05-16T19:33:54","modified_gmt":"2019-05-16T19:33:54","slug":"im-gespraech-mit-beindersheim","status":"publish","type":"post","link":"http:\/\/yesweken.de\/?p=142","title":{"rendered":"Im Gespr\u00e4ch mit Beindersheim"},"content":{"rendered":"\n<p>Heute Nachmittag war ich mit insgesamt acht Kandidaten unserer Liste f\u00fcr den Ortsgemeinderat vor Ort im Schlittweg. Wir haben gemeinsam \u00fcber die Politik der SPD in Beindersheim informiert. Insbesondere die Themen Verkehrsbelastung, Parkplatzsituation und Grundwasseranstieg machen den B\u00fcrgerinnen und B\u00fcrger Sorgen. Aber auch die Kerwe als wichtiger Punkt des Zusammenlebens im Dorf besch\u00e4ftigt die Menschen. <\/p>\n\n\n\n<p>Ich m\u00f6chte mich daf\u00fcr einsetzen, dass wir gemeinsam L\u00f6sungen zu diesen Themen finden und gerade deshalb ist es notwendig, miteinander zu sprechen, genau zuzuh\u00f6ren und nah an Beindersheim und seinen Bewohnern dran zu sein. <\/p>\n","protected":false},"excerpt":{"rendered":"<p>Heute Nachmittag war ich mit insgesamt acht Kandidaten unserer Liste f\u00fcr den Ortsgemeinderat vor Ort im Schlittweg. Wir haben gemeinsam \u00fcber die Politik der SPD in Beindersheim informiert. Insbesondere die Themen Verkehrsbelastung, Parkplatzsituation und Grundwasseranstieg machen den B\u00fcrgerinnen und B\u00fcrger Sorgen. Aber auch die Kerwe als wichtiger Punkt des Zusammenlebens im Dorf besch\u00e4ftigt die Menschen. [&hellip;]<\/p>\n","protected":false},"author":1,"featured_media":143,"comment_status":"closed","ping_status":"open","sticky":false,"template":"","format":"standard","meta":{"footnotes":""},"categories":[7,8,5,6],"tags":[],"class_list":["post-142","post","type-post","status-publish","format-standard","has-post-thumbnail","hentry","category-familie","category-gemeinschaft","category-verkehr","category-wohnqualitaet"],"_links":{"self":[{"href":"http:\/\/yesweken.de\/index.php?rest_route=\/wp\/v2\/posts\/142","targetHints":{"allow":["GET"]}}],"collection":[{"href":"http:\/\/yesweken.de\/index.php?rest_route=\/wp\/v2\/posts"}],"about":[{"href":"http:\/\/yesweken.de\/index.php?rest_route=\/wp\/v2\/types\/post"}],"author":[{"embeddable":true,"href":"http:\/\/yesweken.de\/index.php?rest_route=\/wp\/v2\/users\/1"}],"replies":[{"embeddable":true,"href":"http:\/\/yesweken.de\/index.php?rest_route=%2Fwp%2Fv2%2Fcomments&post=142"}],"version-history":[{"count":2,"href":"http:\/\/yesweken.de\/index.php?rest_route=\/wp\/v2\/posts\/142\/revisions"}],"predecessor-version":[{"id":145,"href":"http:\/\/yesweken.de\/index.php?rest_route=\/wp\/v2\/posts\/142\/revisions\/145"}],"wp:featuredmedia":[{"embeddable":true,"href":"http:\/\/yesweken.de\/index.php?rest_route=\/wp\/v2\/media\/143"}],"wp:attachment":[{"href":"http:\/\/yesweken.de\/index.php?rest_route=%2Fwp%2Fv2%2Fmedia&parent=142"}],"wp:term":[{"taxonomy":"category","embeddable":true,"href":"http:\/\/yesweken.de\/index.php?rest_route=%2Fwp%2Fv2%2Fcategories&post=142"},{"taxonomy":"post_tag","embeddable":true,"href":"http:\/\/yesweken.de\/index.php?rest_route=%2Fwp%2Fv2%2Ftags&post=142"}],"curies":[{"name":"wp","href":"https:\/\/api.w.org\/{rel}","templated":true}]}}