{"id":139,"date":"2019-05-13T20:36:02","date_gmt":"2019-05-13T20:36:02","guid":{"rendered":"http:\/\/yesweken.de\/?p=139"},"modified":"2019-05-13T20:38:01","modified_gmt":"2019-05-13T20:38:01","slug":"wir-lassen-niemanden-im-regen-stehen-grundwasser-und-beregnungsverband","status":"publish","type":"post","link":"http:\/\/yesweken.de\/?p=139","title":{"rendered":"Wir lassen niemanden im Regen stehen &#8211; Grundwasser und Beregnungsverband"},"content":{"rendered":"\n<p>Wer die richtigen Entscheidungen treffen will, der braucht auch die richtigen Informationen. Daher waren viele Mitglieder unseres Ortsvereins am vergangenen Donnerstag in die Seniorenstube gekommen, um sich einen Vortrag \u00fcber die aktuelle Grundwassersituation in Beindersheim und auch deren historische Entwicklung anzuh\u00f6ren. Gerade vor dem Hintergrund der Einf\u00fchrung des Beregnungsverbands in unserer Gemeinde in den kommenden Jahren ein ganz wichtiges Thema f\u00fcr alle Beindersheimerinnen und Beindersheimer.&nbsp;<\/p>\n\n\n\n<p>Wir wurden von Frau Moritz, einer selbst betroffenen Anwohnerin, die sich autodidaktisch und mit ungeheurer Energie dem Thema gewidmet hat, \u00fcber viele Grundlagen umfassend informiert. So wurde die Lage Beindersheims auf der sogenannten &#8222;Frankenthaler Terrasse\u201c und die damit zusammenh\u00e4ngenden Risiken des Beregnungsverbands erl\u00e4utert.<\/p>\n\n\n\n<p>Dies best\u00e4rkt uns nochmals in dem Entschluss, die Einf\u00fchrung der Gro\u00dfraumberegnung im Rahmen des Beregnungsverbands kritisch zu betrachten und daf\u00fcr zu k\u00e4mpfen, dass die jetzige Situation in Beindersheim durch ein Gutachten und durch regelm\u00e4\u00dfige Grundwassermessungen genau dokumentiert wird. <\/p>\n\n\n\n<p>Wir ben\u00f6tigen ein umfassendes und nachhaltiges Konzept zur L\u00f6sung der Grundwasserproblematik. Das bereits beauftragte Gutachten ist ein wichtiger erster Schritt. Wir m\u00fcssen aber gerade auch f\u00fcr die k\u00fcnftigen Generationen am Ball bleiben und die f\u00fcr Beindersheim richtigen Ma\u00dfnahmen konsequent ergreifen. Wir werden die Interessen unserer Gemeinde auch auf den dar\u00fcber liegenden kommunalen Ebenen vertreten.<\/p>\n","protected":false},"excerpt":{"rendered":"<p>Wer die richtigen Entscheidungen treffen will, der braucht auch die richtigen Informationen. Daher waren viele Mitglieder unseres Ortsvereins am vergangenen Donnerstag in die Seniorenstube gekommen, um sich einen Vortrag \u00fcber die aktuelle Grundwassersituation in Beindersheim und auch deren historische Entwicklung anzuh\u00f6ren. Gerade vor dem Hintergrund der Einf\u00fchrung des Beregnungsverbands in unserer Gemeinde in den kommenden [&hellip;]<\/p>\n","protected":false},"author":1,"featured_media":140,"comment_status":"closed","ping_status":"open","sticky":false,"template":"","format":"standard","meta":{"footnotes":""},"categories":[8,6],"tags":[],"class_list":["post-139","post","type-post","status-publish","format-standard","has-post-thumbnail","hentry","category-gemeinschaft","category-wohnqualitaet"],"_links":{"self":[{"href":"http:\/\/yesweken.de\/index.php?rest_route=\/wp\/v2\/posts\/139","targetHints":{"allow":["GET"]}}],"collection":[{"href":"http:\/\/yesweken.de\/index.php?rest_route=\/wp\/v2\/posts"}],"about":[{"href":"http:\/\/yesweken.de\/index.php?rest_route=\/wp\/v2\/types\/post"}],"author":[{"embeddable":true,"href":"http:\/\/yesweken.de\/index.php?rest_route=\/wp\/v2\/users\/1"}],"replies":[{"embeddable":true,"href":"http:\/\/yesweken.de\/index.php?rest_route=%2Fwp%2Fv2%2Fcomments&post=139"}],"version-history":[{"count":1,"href":"http:\/\/yesweken.de\/index.php?rest_route=\/wp\/v2\/posts\/139\/revisions"}],"predecessor-version":[{"id":141,"href":"http:\/\/yesweken.de\/index.php?rest_route=\/wp\/v2\/posts\/139\/revisions\/141"}],"wp:featuredmedia":[{"embeddable":true,"href":"http:\/\/yesweken.de\/index.php?rest_route=\/wp\/v2\/media\/140"}],"wp:attachment":[{"href":"http:\/\/yesweken.de\/index.php?rest_route=%2Fwp%2Fv2%2Fmedia&parent=139"}],"wp:term":[{"taxonomy":"category","embeddable":true,"href":"http:\/\/yesweken.de\/index.php?rest_route=%2Fwp%2Fv2%2Fcategories&post=139"},{"taxonomy":"post_tag","embeddable":true,"href":"http:\/\/yesweken.de\/index.php?rest_route=%2Fwp%2Fv2%2Ftags&post=139"}],"curies":[{"name":"wp","href":"https:\/\/api.w.org\/{rel}","templated":true}]}}