{"id":132,"date":"2019-05-07T19:42:24","date_gmt":"2019-05-07T19:42:24","guid":{"rendered":"http:\/\/yesweken.de\/?p=132"},"modified":"2019-05-09T21:38:43","modified_gmt":"2019-05-09T21:38:43","slug":"letzte-ratssitzung-vor-den-wahlen","status":"publish","type":"post","link":"http:\/\/yesweken.de\/?p=132","title":{"rendered":"Letzte Ratssitzung vor den Wahlen"},"content":{"rendered":"\n<p>Zwei Themen waren heute besonders interessant:<\/p>\n\n\n\n<p><strong>Die Parksituation in der Kirchenstra\u00dfe<\/strong><\/p>\n\n\n\n<p>Wie am Samstag mit den Anwohnern besprochen, haben wir beantragt, dass wir das Thema noch auf die Tagesordnung f\u00fcr die letzte Sitzung nehmen. Schlie\u00dflich haben wir ja mit dem B\u00fcrgerantrag schon gut ausgearbeitete L\u00f6sungsvorschl\u00e4ge, die wir schnell angehen sollten, damit die Betroffenen nicht unn\u00f6tig l\u00e4nger leiden m\u00fcssen. Der Tagesordnungspunkt wurde dann auch tats\u00e4chlich aufgenommen und nach intensiver und emotionaler Diskussion wurde beschlossen, dass die Ordnungsbeh\u00f6rde beauftragt werden soll, die unhaltbare Situation f\u00fcr die Anwohner zu entsch\u00e4rfen. Das ist ein toller Erfolg und wir freuen uns \u00fcber diesen ersten Schritt, werden aber auch intensiv am Ball bleiben, damit die Umsetzung einer praktikablen L\u00f6sung nicht weiter unn\u00f6tig aufgeschoben wird.<\/p>\n\n\n\n<p><strong>Der Neubau des Kindergarten<\/strong><\/p>\n\n\n\n<p>Die SPD in Beindersheim dr\u00e4ngt seit langer Zeit darauf, dass es einen  weiteren Kindergarten geben soll, damit wir f\u00fcr alle Beindersheimer  Familien eine gute Kinderbetreuung im Ort sicherstellen k\u00f6nnen. Leider  wurde dieses Vorhaben immer wieder verz\u00f6gert und nicht mit dem n\u00f6tigen  Ernst vorangetrieben. Vor allem die Suche nach dem richtigen Ort  gestaltete sich schwierig. Uns von der SPD war es nur einfach wichtig,  dass wir eine schnelle, gute und finanziell sinnvolle L\u00f6sung finden.  Heute haben wir nun also entschieden, dass der Kindergarten auf ein  Grundst\u00fcck im Gebiet der Brunnenweggewanne gebaut werden soll <\/p>\n\n\n\n<p>Es gibt nat\u00fcrlich noch viele Entscheidungen,\ndie nun getroffen werden m\u00fcssen. Eines habe ich aber aus diesem Wochenende\ngelernt: ich werde mich daf\u00fcr einsetzen, dass wir die Nachbarn des k\u00fcnftigen\nKindergartens mit in die Planung einbeziehen. Nat\u00fcrlich werden wir nicht alle\nW\u00fcnsche realisieren k\u00f6nnen, aber mir ist wichtig, dass wir auf Augenh\u00f6he und im\nDialog mit den Anwohnern handeln. Denn Politik vor Ort kann nur erfolgreich\nsein, wenn wir im Austausch bleiben. <\/p>\n\n\n\n<p>Mit dem heutigen Ergebnis k\u00f6nnen wir jedenfalls sehr zufrieden sein und so macht Politik f\u00fcr die B\u00fcrger Spa\u00df! <strong>#YesWeKen<\/strong><\/p>\n","protected":false},"excerpt":{"rendered":"<p>Zwei Themen waren heute besonders interessant: Die Parksituation in der Kirchenstra\u00dfe Wie am Samstag mit den Anwohnern besprochen, haben wir beantragt, dass wir das Thema noch auf die Tagesordnung f\u00fcr die letzte Sitzung nehmen. Schlie\u00dflich haben wir ja mit dem B\u00fcrgerantrag schon gut ausgearbeitete L\u00f6sungsvorschl\u00e4ge, die wir schnell angehen sollten, damit die Betroffenen nicht unn\u00f6tig [&hellip;]<\/p>\n","protected":false},"author":1,"featured_media":134,"comment_status":"closed","ping_status":"open","sticky":false,"template":"","format":"standard","meta":{"footnotes":""},"categories":[5,6],"tags":[],"class_list":["post-132","post","type-post","status-publish","format-standard","has-post-thumbnail","hentry","category-verkehr","category-wohnqualitaet"],"_links":{"self":[{"href":"http:\/\/yesweken.de\/index.php?rest_route=\/wp\/v2\/posts\/132","targetHints":{"allow":["GET"]}}],"collection":[{"href":"http:\/\/yesweken.de\/index.php?rest_route=\/wp\/v2\/posts"}],"about":[{"href":"http:\/\/yesweken.de\/index.php?rest_route=\/wp\/v2\/types\/post"}],"author":[{"embeddable":true,"href":"http:\/\/yesweken.de\/index.php?rest_route=\/wp\/v2\/users\/1"}],"replies":[{"embeddable":true,"href":"http:\/\/yesweken.de\/index.php?rest_route=%2Fwp%2Fv2%2Fcomments&post=132"}],"version-history":[{"count":4,"href":"http:\/\/yesweken.de\/index.php?rest_route=\/wp\/v2\/posts\/132\/revisions"}],"predecessor-version":[{"id":137,"href":"http:\/\/yesweken.de\/index.php?rest_route=\/wp\/v2\/posts\/132\/revisions\/137"}],"wp:featuredmedia":[{"embeddable":true,"href":"http:\/\/yesweken.de\/index.php?rest_route=\/wp\/v2\/media\/134"}],"wp:attachment":[{"href":"http:\/\/yesweken.de\/index.php?rest_route=%2Fwp%2Fv2%2Fmedia&parent=132"}],"wp:term":[{"taxonomy":"category","embeddable":true,"href":"http:\/\/yesweken.de\/index.php?rest_route=%2Fwp%2Fv2%2Fcategories&post=132"},{"taxonomy":"post_tag","embeddable":true,"href":"http:\/\/yesweken.de\/index.php?rest_route=%2Fwp%2Fv2%2Ftags&post=132"}],"curies":[{"name":"wp","href":"https:\/\/api.w.org\/{rel}","templated":true}]}}