{"id":112,"date":"2019-05-04T16:55:23","date_gmt":"2019-05-04T16:55:23","guid":{"rendered":"http:\/\/yesweken.de\/?p=112"},"modified":"2019-05-04T17:04:08","modified_gmt":"2019-05-04T17:04:08","slug":"gemeinsam-auf-der-suche-nach-loesungen","status":"publish","type":"post","link":"http:\/\/yesweken.de\/?p=112","title":{"rendered":"Gemeinsam auf der Suche nach L\u00f6sungen"},"content":{"rendered":"\n<p>Heute Mittag war ich bei einem aufw\u00fchlenden Termin. F\u00fcr 14\nUhr hatte ich die Anwohner der Kirchenstra\u00dfe und interessierte Beindersheimerinnen\nund Beindersheimer eingeladen, sich mit mir und weiteren Mitgliedern der SPD in\nBeindersheim in der Kirchenstra\u00dfe zu treffen. Ziel war es, mit den Anwohnern\nm\u00f6gliche L\u00f6sungen zu diskutieren, um sie dann im Ortsgemeinderat bei der\nn\u00e4chsten Sitzung aufzunehmen, die leider erst nach der Wahl stattfinden wird.<\/p>\n\n\n\n<p>Wie wichtig den Anliegern das Thema ist, kann man schon\ndaran erkennen, dass mehr als 30 meiner Einladung folgten. In den ersten\nMinuten merkten wir schnell, wie schwierig die Situation f\u00fcr die Anwohner inzwischen\ngeworden ist. Die Emotionen, die uns entgegenschlugen, waren eindeutig. Die\nAnwohner sind richtig w\u00fctend. W\u00fctend, weil niemand mit ihnen gesprochen hatte.\nW\u00fctend, weil sehr viele Parkpl\u00e4tze weggefallen sind. W\u00fctend und ver\u00e4ngstigt,\nweil die Autos, LKWs und Traktoren inzwischen mit deutlich h\u00f6herer Geschwindigkeit\ndurch die Kirchenstra\u00dfe fahren (30er Zone) und Kinder daher nicht mehr sicher die\nStra\u00dfe \u00fcberqueren k\u00f6nnen. W\u00fctend aber auch, weil uns vorgeworfen wurde, dass\nwir nur gekommen w\u00e4ren, um W\u00e4hlerstimmen zu erhaschen.<\/p>\n\n\n\n<figure class=\"wp-block-image\"><img fetchpriority=\"high\" decoding=\"async\" width=\"1024\" height=\"768\" src=\"http:\/\/yesweken.de\/wp-content\/uploads\/2019\/05\/Dialog-Kirchenstra\u00dfe-1024x768.png\" alt=\"\" class=\"wp-image-113\" srcset=\"http:\/\/yesweken.de\/wp-content\/uploads\/2019\/05\/Dialog-Kirchenstra\u00dfe-1024x768.png 1024w, http:\/\/yesweken.de\/wp-content\/uploads\/2019\/05\/Dialog-Kirchenstra\u00dfe-300x225.png 300w, http:\/\/yesweken.de\/wp-content\/uploads\/2019\/05\/Dialog-Kirchenstra\u00dfe-768x576.png 768w, http:\/\/yesweken.de\/wp-content\/uploads\/2019\/05\/Dialog-Kirchenstra\u00dfe.png 1600w\" sizes=\"(max-width: 1024px) 100vw, 1024px\" \/><\/figure>\n\n\n\n<p>F\u00fcr diejenigen, die nicht wissen, warum das Thema gerade so akut ist, hier eine kurze Situationsbeschreibung. Nach Beschwerden von Anwohnern und der Errichtung eines provisorischen Kindergartens hatte der Bau-, Planungs- und Kindergartenausschuss einstimmig mit Stimmen aller Parteien (CDU, SPD und FWG) verabschiedet, dass die Parksituation in der Kirchenstra\u00dfe ge\u00e4ndert werden sollte. Das Ordnungsamt, als ausf\u00fchrende Institution, hatte entschieden, ein einseitiges Parkverbot sowie 5 Kurzzeitparkpl\u00e4tze f\u00fcr den Ausweichkindergarten, einzurichten. Die Anwohner, die zum Teil schon mehr als 60 Jahre in der Kirchenstra\u00dfe wohnen, erfuhren nur wenige Tage vor der Installation von der neuen Situation. Keiner hatte bis dahin mit den Betroffenen gesprochen. Weder das Ordnungsamt noch die Politiker hatten sich mit den Anwohnern zusammengesetzt.<\/p>\n\n\n\n<p>Auf Facebook aber auch in pers\u00f6nlichen Kontakten, wurde ich\nimmer wieder auf die Situation aufmerksam. In der SPD diskutierten wir, was wir\nhier machen sollten. Schnell war uns klar, dass nur der Dialog mit den\nAnwohnern weiterhelfen w\u00fcrde. <\/p>\n\n\n\n<p>Mit gemischten Gef\u00fchlen waren wir zu dem Termin gekommen.\nWir hatten schlie\u00dflich auch nicht mit den Anwohnern gesprochen, bevor wir eine\nEntscheidung getroffen haben. Umso mehr konnten wir verstehen, dass die Gekommenen\nzu Beginn erstmal ihre Wut und ihren Unmut loswerden mussten. Gerade in den\npers\u00f6nlichen Gespr\u00e4chen wurde klar, wie sehr sie unter der neuen Situation\nleiden. Viele sprachen davon, wie sich die Lebensqualit\u00e4t verschlechtert hat (langes\nParkplatzsuchen bis zu 30 Minuten, weite Wege vom Auto zur Haust\u00fcr, Anlieger\nanderer Stra\u00dfen, die nun auch Parkpl\u00e4tze suchen m\u00fcssen, weil die Anwohner auf\nanliegende Stra\u00dfen ausweichen, zu schnell fahrende PKWs und LKWs\u2026).<\/p>\n\n\n\n<p>W\u00e4hrend wir anfingen \u00fcber m\u00f6gliche L\u00f6sungen zu sprechen,\nwurden wir \u00fcberrascht. Bereits vor \u00fcber zwei Wochen hatten die Anwohner einen\nB\u00fcrgerantrag bei der Verbandsgemeinde eingereicht, in der sie drei L\u00f6sungsvorschl\u00e4ge\nunterbreitet hatten. Leider hatte keiner von uns bereits davon geh\u00f6rt. Auch auf\nder Tagesordnung f\u00fcr die letzte Ratssitzung vor den Wahlen (kommenden Dienstag)\nfehlt dieser Punkt. &nbsp;Wir diskutierten\nnoch eine ganze Weile und kamen \u00fcberein, dass wir die B\u00fcrger unterst\u00fctzen m\u00f6chten\nund auch weiter mit ihnen in Kontakt bleiben werden. <\/p>\n\n\n\n<p>Werden wir die Situation kurzfristig \u00e4ndern k\u00f6nnen? Kurzfristig\nwahrscheinlich nicht, aber es ist uns wichtig, dass wir die Situation nicht\nunter den Tisch kehren. Wir wollen uns f\u00fcr die Anwohner einsetzen. Klar wurde\naber auch, dass wir mit den Anwohnern weiterer Stra\u00dfe sprechen m\u00fcssen, um\nwirklich gute L\u00f6sungen f\u00fcr die Verkehrsf\u00fchrung und die Parkplatzsituation im\nOrtskern erarbeiten zu k\u00f6nnen. Und das auch nach der Wahl. Wir alle wollen uns\nin Beindersheim wohlf\u00fchlen und daf\u00fcr k\u00e4mpfen wir. Wie auch immer die Wahl\nausgeht. Und den Dialog werden wir von nun an noch mehr suchen.<\/p>\n","protected":false},"excerpt":{"rendered":"<p>Heute Mittag war ich bei einem aufw\u00fchlenden Termin. F\u00fcr 14 Uhr hatte ich die Anwohner der Kirchenstra\u00dfe und interessierte Beindersheimerinnen und Beindersheimer eingeladen, sich mit mir und weiteren Mitgliedern der SPD in Beindersheim in der Kirchenstra\u00dfe zu treffen. Ziel war es, mit den Anwohnern m\u00f6gliche L\u00f6sungen zu diskutieren, um sie dann im Ortsgemeinderat bei der [&hellip;]<\/p>\n","protected":false},"author":1,"featured_media":113,"comment_status":"closed","ping_status":"open","sticky":false,"template":"","format":"standard","meta":{"footnotes":""},"categories":[5,6],"tags":[3,4],"class_list":["post-112","post","type-post","status-publish","format-standard","has-post-thumbnail","hentry","category-verkehr","category-wohnqualitaet","tag-verkehr","tag-wohnqualitaet"],"_links":{"self":[{"href":"http:\/\/yesweken.de\/index.php?rest_route=\/wp\/v2\/posts\/112","targetHints":{"allow":["GET"]}}],"collection":[{"href":"http:\/\/yesweken.de\/index.php?rest_route=\/wp\/v2\/posts"}],"about":[{"href":"http:\/\/yesweken.de\/index.php?rest_route=\/wp\/v2\/types\/post"}],"author":[{"embeddable":true,"href":"http:\/\/yesweken.de\/index.php?rest_route=\/wp\/v2\/users\/1"}],"replies":[{"embeddable":true,"href":"http:\/\/yesweken.de\/index.php?rest_route=%2Fwp%2Fv2%2Fcomments&post=112"}],"version-history":[{"count":4,"href":"http:\/\/yesweken.de\/index.php?rest_route=\/wp\/v2\/posts\/112\/revisions"}],"predecessor-version":[{"id":118,"href":"http:\/\/yesweken.de\/index.php?rest_route=\/wp\/v2\/posts\/112\/revisions\/118"}],"wp:featuredmedia":[{"embeddable":true,"href":"http:\/\/yesweken.de\/index.php?rest_route=\/wp\/v2\/media\/113"}],"wp:attachment":[{"href":"http:\/\/yesweken.de\/index.php?rest_route=%2Fwp%2Fv2%2Fmedia&parent=112"}],"wp:term":[{"taxonomy":"category","embeddable":true,"href":"http:\/\/yesweken.de\/index.php?rest_route=%2Fwp%2Fv2%2Fcategories&post=112"},{"taxonomy":"post_tag","embeddable":true,"href":"http:\/\/yesweken.de\/index.php?rest_route=%2Fwp%2Fv2%2Ftags&post=112"}],"curies":[{"name":"wp","href":"https:\/\/api.w.org\/{rel}","templated":true}]}}